{"id":88459,"date":"2017-04-01T15:26:57","date_gmt":"2017-04-01T13:26:57","guid":{"rendered":"https:\/\/dev.komlohotelgyula.hu\/feltoltodes-helyben-wellness-szolgaltatasok\/"},"modified":"2023-08-15T12:52:11","modified_gmt":"2023-08-15T10:52:11","slug":"feltoltodes-helyben-wellness-szolgaltatasok","status":"publish","type":"post","link":"https:\/\/komlohotelgyula.hu\/ro\/feltoltodes-helyben-wellness-szolgaltatasok\/","title":{"rendered":"REINCARCARE &#8211; SERVICII DE WELLNESS"},"content":{"rendered":"<p>[et_pb_section fb_built=&#8221;1&#8243; fullwidth=&#8221;on&#8221; admin_label=&#8221;Szakasz&#8221; _builder_version=&#8221;4.20.2&#8243; _module_preset=&#8221;default&#8221; custom_margin=&#8221;||||false|false&#8221; top_divider_height=&#8221;49px&#8221; bottom_divider_style=&#8221;wave2&#8243; bottom_divider_color=&#8221;#383838&#8243; bottom_divider_height=&#8221;4em&#8221; saved_tabs=&#8221;all&#8221; locked=&#8221;off&#8221; global_colors_info=&#8221;{}&#8221;][et_pb_fullwidth_post_title meta=&#8221;off&#8221; featured_placement=&#8221;background&#8221; admin_label=&#8221;Teljes sz\u00e9less\u00e9g\u0171 bejegyz\u00e9s c\u00edm&#8221; _builder_version=&#8221;4.20.2&#8243; _module_preset=&#8221;default&#8221; title_font=&#8221;|||on|||||&#8221; title_text_align=&#8221;center&#8221; title_text_color=&#8221;#FFFFFF&#8221; title_font_size=&#8221;3em&#8221; title_letter_spacing=&#8221;0.1em&#8221; title_line_height=&#8221;1.2em&#8221; background_color=&#8221;rgba(84,84,84,0.54)&#8221; use_background_color_gradient=&#8221;on&#8221; background_color_gradient_stops=&#8221;#b5a166 0%|rgba(0,0,0,0.42) 40%&#8221; background_color_gradient_overlays_image=&#8221;on&#8221; background_color_gradient_start=&#8221;#5a9612&#8243; background_color_gradient_end=&#8221;rgba(0,0,0,0.42)&#8221; background_color_gradient_end_position=&#8221;40%&#8221; background_image=&#8221;https:\/\/komlohotelgyula.hu\/wp-content\/uploads\/wellness-komlo-hotel-gyula-3.jpg&#8221; min_height=&#8221;61vh&#8221; min_height_tablet=&#8221;&#8221; min_height_phone=&#8221;&#8221; min_height_last_edited=&#8221;on|desktop&#8221; custom_margin=&#8221;0px||||false|false&#8221; custom_padding=&#8221;33vh||8vh||false|false&#8221; filter_saturate=&#8221;133%&#8221; filter_brightness=&#8221;108%&#8221; filter_invert=&#8221;8%&#8221; filter_sepia=&#8221;7%&#8221; title_font_size_tablet=&#8221;1.4em&#8221; title_font_size_phone=&#8221;1.1em&#8221; title_font_size_last_edited=&#8221;on|tablet&#8221; title_letter_spacing_tablet=&#8221;2.2px&#8221; title_letter_spacing_phone=&#8221;2px&#8221; title_letter_spacing_last_edited=&#8221;on|phone&#8221; title_text_shadow_style=&#8221;preset5&#8243; title_text_shadow_blur_strength=&#8221;0.25em&#8221; title_text_shadow_color=&#8221;#000000&#8243; global_colors_info=&#8221;{}&#8221;][\/et_pb_fullwidth_post_title][\/et_pb_section][et_pb_section fb_built=&#8221;1&#8243; _builder_version=&#8221;4.16&#8243; custom_margin=&#8221;||-104px|||&#8221; global_colors_info=&#8221;{}&#8221;][et_pb_row _builder_version=&#8221;4.16&#8243; background_size=&#8221;initial&#8221; background_position=&#8221;top_left&#8221; background_repeat=&#8221;repeat&#8221; custom_margin=&#8221;-31px|auto||auto||&#8221; custom_padding=&#8221;15px|||||&#8221; global_colors_info=&#8221;{}&#8221;][et_pb_column type=&#8221;4_4&#8243; _builder_version=&#8221;4.16&#8243; custom_padding=&#8221;|||&#8221; global_colors_info=&#8221;{}&#8221; custom_padding__hover=&#8221;|||&#8221;][et_pb_text content_tablet=&#8221;<\/p>\n<div class=%22%22>\n<div class=%22WordSection1%22>\n<div class=%22%22 style=%22text-align: justify;%22>\n<p style=%22text-align: left;%22><span class=%22%22>Term\u00e9szetesen nem maradhatnak ki sz\u00e1llod\u00e1nk szolg\u00e1ltat\u00e1saib\u00f3l azok az alap wellness lehet\u0151s\u00e9gek sem, amiket azon vend\u00e9geink is keresnek, akik nem csak f\u00fcrd\u0151program\u00e9rt, hanem komplex gyulai \u00e9lm\u00e9ny\u00e9rt l\u00e1togatnak el hozz\u00e1nk, vagy konferenci\u00e1ra, \u00fczleti \u00fatra \u00e9rkeztek. Priv\u00e1t wellness r\u00e9szleg\u00fcnk minden vend\u00e9g\u00fcnk kedvence. K\u00e9pzelje el, hogy elvonul kedves\u00e9vel \u00e9s senki nem zavarja \u00d6n\u00f6ket! <\/span><\/p>\n<p style=%22text-align: left;%22>\n<\/div>\n<div class=%22%22>\n<p style=%22text-align: left;%22><em><span class=%22%22>4 f\u0151s Jakuzzi, 8 f\u0151s finn szauna, mer\u00fcl\u0151d\u00e9zsa, massz\u00e1zs, mindez helyben, an\u00e9lk\u00fcl hogy el kellene hagynia sz\u00e1ll\u00f3nkat!<\/span><\/em><\/p>\n<p style=%22text-align: justify;%22>A priv\u00e1t wellness r\u00e9szleg b\u00e9rl\u00e9s\u00e9r\u0151l a recepci\u00f3s koll\u00e9g\u00e1k tudnak felvil\u00e1gos\u00edt\u00e1st adni \u00e9s az id\u0151pontokat is n\u00e1luk lehet lefoglalni!<\/p>\n<\/div>\n<\/div>\n<\/div>\n<p>&#8221; content_phone=&#8221;<\/p>\n<div class=%22%22>\n<div class=%22WordSection1%22>\n<div class=%22%22 style=%22text-align: justify;%22>\n<p style=%22text-align: center;%22><span class=%22%22>Term\u00e9szetesen nem maradhatnak ki sz\u00e1llod\u00e1nk szolg\u00e1ltat\u00e1saib\u00f3l azok az alap wellness lehet\u0151s\u00e9gek sem, amiket azon vend\u00e9geink is keresnek, akik nem csak f\u00fcrd\u0151program\u00e9rt, hanem komplex gyulai \u00e9lm\u00e9ny\u00e9rt l\u00e1togatnak el hozz\u00e1nk, vagy konferenci\u00e1ra, \u00fczleti \u00fatra \u00e9rkeztek. Priv\u00e1t wellness r\u00e9szleg\u00fcnk minden vend\u00e9g\u00fcnk kedvence. K\u00e9pzelje el, hogy elvonul kedves\u00e9vel \u00e9s senki nem zavarja \u00d6n\u00f6ket! <\/span><\/p>\n<p style=%22text-align: left;%22>\n<\/div>\n<div class=%22%22>\n<p style=%22text-align: center;%22><em><span class=%22%22>4 f\u0151s Jakuzzi, 8 f\u0151s finn szauna, mer\u00fcl\u0151d\u00e9zsa, massz\u00e1zs, mindez helyben, an\u00e9lk\u00fcl hogy el kellene hagynia sz\u00e1ll\u00f3nkat!<\/span><\/em><\/p>\n<p style=%22text-align: center;%22>A priv\u00e1t wellness r\u00e9szleg b\u00e9rl\u00e9s\u00e9r\u0151l a recepci\u00f3s koll\u00e9g\u00e1k tudnak felvil\u00e1gos\u00edt\u00e1st adni \u00e9s az id\u0151pontokat is n\u00e1luk lehet lefoglalni!<\/p>\n<\/div>\n<\/div>\n<\/div>\n<p>&#8221; content_last_edited=&#8221;on|phone&#8221; module_class=&#8221;bg_blure&#8221; _builder_version=&#8221;4.21.2&#8243; header_text_color=&#8221;#000000&#8243; background_color=&#8221;#383838&#8243; text_orientation=&#8221;justified&#8221; custom_padding=&#8221;3em|3em|1em|3em|false|false&#8221; border_radii=&#8221;on|24px|24px|24px|24px&#8221; border_width_all=&#8221;4px&#8221; border_color_all=&#8221;#4f4f4f&#8221; border_width_top=&#8221;1px&#8221; border_width_right=&#8221;14px&#8221; border_width_bottom=&#8221;14px&#8221; border_width_left=&#8221;1px&#8221; border_color_left=&#8221;#323334&#8243; box_shadow_style=&#8221;preset4&#8243; box_shadow_horizontal=&#8221;3px&#8221; box_shadow_vertical=&#8221;4px&#8221; box_shadow_color=&#8221;#B5A166&#8243; global_colors_info=&#8221;{}&#8221;]<\/p>\n<div class=\"\">\n<div class=\"WordSection1\">\n<div class=\"\" style=\"text-align: justify;\">\n<p style=\"text-align: left;\">\u00cenchipui\u021bi-v\u0103 c\u0103 v\u0103 retrage\u021bi \u00een centrul nostru privat de wellness al\u0103turi de persoana iubit\u0103 \u0219i nimeni nu v\u0103 deranjeaz\u0103!<\/p>\n<p style=\"text-align: left;\">Desigur, nu puteau lipsi din oferta hotelului nostru serviciile de baz\u0103 de wellness pe care le caut\u0103 oaspe\u021bii no\u0219tri care vin pentru o experien\u021b\u0103 complex\u0103 \u00een Gyula \u0219i nu doar pentru programele de la b\u0103i sau cei care sunt aici \u00eentr-o c\u0103l\u0103torie de afaceri sau conferin\u021b\u0103. Centrul nostru privat de wellness este preferatul fiec\u0103rui oaspete. \u00cenchipui\u021bi-v\u0103 c\u0103 v\u0103 retrage\u021bi cu persoana iubit\u0103 \u0219i nimeni nu v\u0103 deranjeaz\u0103!<\/p>\n<\/div>\n<div class=\"\">\n<p>&nbsp;<\/p>\n<\/div>\n<\/div>\n<\/div>\n<p>[\/et_pb_text][et_pb_text content_tablet=&#8221;<\/p>\n<div class=%22%22>\n<div class=%22WordSection1%22>\n<div class=%22%22 style=%22text-align: justify;%22><\/div>\n<div class=%22%22>\n<p style=%22text-align: justify;%22>\n<p> <strong style=%22color: #b5a166; font-size: 22px; text-align: center;%22>A priv\u00e1t wellness haszn\u00e1lat \u00e1ra 4.000 Ft\/f\u0151\/80 perc<\/strong><\/p>\n<h3 style=%22text-align: center;%22><strong style=%22font-size: 16px;%22><span class=%22%22>A f\u00fcrd\u0151k\u00f6peny haszn\u00e1lata d\u00edjmentes sz\u00e1llod\u00e1nkban!<\/span><\/strong><\/h3>\n<\/div>\n<\/div>\n<\/div>\n<p>&#8221; content_phone=&#8221;<\/p>\n<div class=%22%22>\n<div class=%22WordSection1%22>\n<div class=%22%22 style=%22text-align: center;%22><strong style=%22text-align: center; color: #b5a166; font-size: 22px;%22><\/strong><\/div>\n<div class=%22%22 style=%22text-align: center;%22><strong style=%22text-align: center; color: #b5a166; font-size: 22px;%22><\/strong><\/div>\n<div class=%22%22 style=%22text-align: center;%22><strong style=%22text-align: center; color: #b5a166; font-size: 22px;%22><\/strong><\/div>\n<div class=%22%22 style=%22text-align: center;%22><strong style=%22text-align: center; color: #b5a166; font-size: 22px;%22><\/strong><\/div>\n<div class=%22%22 style=%22text-align: center;%22><strong style=%22text-align: center; color: #b5a166; font-size: 22px;%22>A priv\u00e1t wellness haszn\u00e1lat \u00e1ra 4.000 Ft\/f\u0151\/80 perc<\/strong><\/div>\n<div class=%22%22>\n<h3 style=%22text-align: center;%22><strong style=%22font-size: 16px;%22><span class=%22%22>A f\u00fcrd\u0151k\u00f6peny haszn\u00e1lata d\u00edjmentes sz\u00e1llod\u00e1nkban!<\/span><\/strong><\/h3>\n<\/div>\n<\/div>\n<\/div>\n<p>&#8221; content_last_edited=&#8221;on|phone&#8221; module_class=&#8221;belso_artdeco_keret&#8221; _builder_version=&#8221;4.21.2&#8243; background_size=&#8221;initial&#8221; background_position=&#8221;top_left&#8221; background_repeat=&#8221;repeat&#8221; text_orientation=&#8221;justified&#8221; custom_padding=&#8221;||||false|false&#8221; global_colors_info=&#8221;{}&#8221;]<\/p>\n<h2 style=\"text-align: center;\"><strong>Jacuzzi pentru 4 persoane, saun\u0103 finlandez\u0103 pentru 8 persoane, bazin de r\u0103cire, masaj &#8211; toate acestea la fa\u021ba locului, f\u0103r\u0103 s\u0103 fie nevoie s\u0103 p\u0103r\u0103si\u021bi hotelul!<\/strong><\/h2>\n<p style=\"text-align: center;\"><strong><br \/><\/strong>Utilizarea halatului de baie este gratuit\u0103 \u00een hotelul nostru!<\/p>\n<p>[\/et_pb_text][\/et_pb_column][\/et_pb_row][\/et_pb_section][et_pb_section fb_built=&#8221;1&#8243; _builder_version=&#8221;4.20.2&#8243; _module_preset=&#8221;default&#8221; global_colors_info=&#8221;{}&#8221;][et_pb_row _builder_version=&#8221;4.20.2&#8243; _module_preset=&#8221;default&#8221; min_height=&#8221;544.5px&#8221; global_colors_info=&#8221;{}&#8221;][et_pb_column type=&#8221;4_4&#8243; _builder_version=&#8221;4.20.2&#8243; _module_preset=&#8221;default&#8221; global_colors_info=&#8221;{}&#8221;][et_pb_gallery gallery_ids=&#8221;86956,86959,86962,86965,86968,86971&#8243; posts_number=&#8221;6&#8243; show_title_and_caption=&#8221;off&#8221; show_pagination=&#8221;off&#8221; _builder_version=&#8221;4.21.0&#8243; _module_preset=&#8221;default&#8221; custom_css_gallery_item=&#8221;width: 33% !important;||margin: 0 !important;||padding: 2px !important;||clear: none !important;||||&#8221; global_colors_info=&#8221;{}&#8221; custom_css_gallery_item_tablet=&#8221;width: 50% !important;||max-height: 26vw !important;||margin: 0 !important;||padding: 2px !important;||clear: none !important;||overflow:hidden;||&#8221; custom_css_gallery_item_phone=&#8221;margin: auto !important;||clear: none !important;||&#8221; custom_css_gallery_item_last_edited=&#8221;on|phone&#8221;][\/et_pb_gallery][\/et_pb_column][\/et_pb_row][\/et_pb_section]<\/p>\n","protected":false},"excerpt":{"rendered":"<p>Desigur, nici op\u021biunile de wellness de baz\u0103 nu pot fi l\u0103sate \u00een afara serviciilor hotelului nostru&#8230;\u00a0<\/p>\n<p>\n<a href=\"\/ro\/feltoltodes-helyben-wellness-szolgaltatasok\/\" class=\"excerpt-read-more\">In detaliu<i class=\"fa fa-long-arrow-right icon-long-arrow-right\"><\/i><\/a><\/p>\n","protected":false},"author":2,"featured_media":87239,"comment_status":"closed","ping_status":"closed","sticky":false,"template":"","format":"standard","meta":{"_et_pb_use_builder":"on","_et_pb_old_content":"<div class=\"\">\r\n<div class=\"WordSection1\">\r\n<div class=\"\" style=\"text-align: justify;\"><span class=\"\">Term\u00e9szetesen nem maradhatnak ki sz\u00e1llod\u00e1nk szolg\u00e1ltat\u00e1saib\u00f3l azok az alap wellness lehet\u0151s\u00e9gek sem, amiket azon vend\u00e9geink is keresnek, akik nem csak f\u00fcrd\u0151program\u00e9rt, hanem komplex gyulai \u00e9lm\u00e9ny\u00e9rt l\u00e1togatnak el hozz\u00e1nk, vagy konferenci\u00e1ra, \u00fczleti \u00fatra \u00e9rkeztek. Priv\u00e1t wellness r\u00e9szleg\u00fcnk minden vend\u00e9g\u00fcnk kedvence. K\u00e9pzelje el, hogy elvonul kedves\u00e9vel \u00e9s senki nem zavarja \u00d6n\u00f6ket!\u00a0<\/span><\/div>\r\n<div class=\"\">\r\n<p style=\"text-align: justify;\"><em><span class=\"\">4 f\u0151s Jakuzzi, 8 f\u0151s finn szauna, mer\u00fcl\u0151d\u00e9zsa, massz\u00e1zs, mindez helyben, an\u00e9lk\u00fcl hogy el kellene hagynia sz\u00e1ll\u00f3nkat!<\/span><\/em><\/p>\r\n<p style=\"text-align: justify;\">A priv\u00e1t wellness r\u00e9szleg b\u00e9rl\u00e9s\u00e9r\u0151l a recepci\u00f3s koll\u00e9g\u00e1k tudnak felvil\u00e1gos\u00edt\u00e1st adni \u00e9s az id\u0151pontokat is n\u00e1luk lehet lefoglalni!<\/p>\r\n<p style=\"text-align: center;\"><strong>A priv\u00e1t wellness haszn\u00e1lat \u00e1ra 4.000Ft\/f\u0151\/80perc<\/strong><\/p>\r\n\r\n<\/div>\r\n<\/div>\r\n<\/div>\r\n<div class=\"\">\r\n<div class=\"WordSection1\">\r\n<div class=\"\" style=\"text-align: center;\"><strong><span class=\"\">A f\u00fcrd\u0151k\u00f6peny haszn\u00e1lata d\u00edjmentes sz\u00e1llod\u00e1nkban!<\/span><\/strong><\/div>\r\n<div class=\"\"><span class=\"\">\u00a0<\/span><\/div>\r\n<div class=\"\"><\/div>\r\n<\/div>\r\n<\/div>\r\n<div class=\"\">\r\n<div class=\"\"><\/div>\r\n<div class=\"\">\r\n\r\n[gallery link=\"file\" size=\"small-grid-size\" ids=\"9887,9888,13068\"]\r\n\r\n<\/div>\r\n<div class=\"\"><\/div>\r\n<\/div>","_et_gb_content_width":"","footnotes":""},"categories":[89],"tags":[],"class_list":["post-88459","post","type-post","status-publish","format-standard","has-post-thumbnail","hentry","category-servicii"],"yoast_head":"<!-- This site is optimized with the Yoast SEO Premium plugin v27.2 (Yoast SEO v27.2) - https:\/\/yoast.com\/product\/yoast-seo-premium-wordpress\/ -->\n<title>Felt\u00f6lt\u0151d\u00e9s helyben \u2013 Wellness szolg\u00e1ltat\u00e1sok - Koml\u00f3 Hotel Gyula<\/title>\n<meta name=\"description\" content=\"Elmaradhatatlan \u00e9s k\u00f6telez\u0151 szolg\u00e1ltat\u00e1s Gyul\u00e1ra l\u00e1togat\u00f3 vend\u00e9geink r\u00e9sz\u00e9re a wellness szolg\u00e1ltat\u00e1sok csomagja. T\u00f6lt\u0151dj\u00f6n fel n\u00e1lunk!\" \/>\n<meta name=\"robots\" content=\"index, follow, max-snippet:-1, max-image-preview:large, max-video-preview:-1\" \/>\n<link rel=\"canonical\" href=\"https:\/\/komlohotelgyula.hu\/ro\/feltoltodes-helyben-wellness-szolgaltatasok\/\" \/>\n<meta property=\"og:locale\" content=\"ro_RO\" \/>\n<meta property=\"og:type\" content=\"article\" \/>\n<meta property=\"og:title\" content=\"REINCARCARE - SERVICII DE WELLNESS\" \/>\n<meta property=\"og:description\" content=\"Elmaradhatatlan \u00e9s k\u00f6telez\u0151 szolg\u00e1ltat\u00e1s Gyul\u00e1ra l\u00e1togat\u00f3 vend\u00e9geink r\u00e9sz\u00e9re a wellness szolg\u00e1ltat\u00e1sok csomagja. T\u00f6lt\u0151dj\u00f6n fel n\u00e1lunk!\" \/>\n<meta property=\"og:url\" content=\"https:\/\/komlohotelgyula.hu\/ro\/feltoltodes-helyben-wellness-szolgaltatasok\/\" \/>\n<meta property=\"og:site_name\" content=\"Koml\u00f3 Hotel Gyula\" \/>\n<meta property=\"article:publisher\" content=\"https:\/\/www.facebook.com\/KomloHotelGyula\/\" \/>\n<meta property=\"article:published_time\" content=\"2017-04-01T13:26:57+00:00\" \/>\n<meta property=\"article:modified_time\" content=\"2023-08-15T10:52:11+00:00\" \/>\n<meta property=\"og:image\" content=\"https:\/\/komlohotelgyula.hu\/images\/wellness-szolgaltatas.jpg\" \/>\n\t<meta property=\"og:image:width\" content=\"1066\" \/>\n\t<meta property=\"og:image:height\" content=\"800\" \/>\n\t<meta property=\"og:image:type\" content=\"image\/jpeg\" \/>\n<meta name=\"author\" content=\"wakeliteweb\" \/>\n<meta name=\"twitter:card\" content=\"summary_large_image\" \/>\n<meta name=\"twitter:label1\" content=\"Scris de\" \/>\n\t<meta name=\"twitter:data1\" content=\"wakeliteweb\" \/>\n\t<meta name=\"twitter:label2\" content=\"Timp estimat pentru citire\" \/>\n\t<meta name=\"twitter:data2\" content=\"3 minute\" \/>\n<script type=\"application\/ld+json\" class=\"yoast-schema-graph\">{\"@context\":\"https:\/\/schema.org\",\"@graph\":[{\"@type\":\"Article\",\"@id\":\"https:\/\/komlohotelgyula.hu\/ro\/feltoltodes-helyben-wellness-szolgaltatasok\/#article\",\"isPartOf\":{\"@id\":\"https:\/\/komlohotelgyula.hu\/ro\/feltoltodes-helyben-wellness-szolgaltatasok\/\"},\"author\":{\"name\":\"wakeliteweb\",\"@id\":\"https:\/\/komlohotelgyula.hu\/#\/schema\/person\/c221155c468ad1cd399dc9077dfb653a\"},\"headline\":\"REINCARCARE &#8211; SERVICII DE WELLNESS\",\"datePublished\":\"2017-04-01T13:26:57+00:00\",\"dateModified\":\"2023-08-15T10:52:11+00:00\",\"mainEntityOfPage\":{\"@id\":\"https:\/\/komlohotelgyula.hu\/ro\/feltoltodes-helyben-wellness-szolgaltatasok\/\"},\"wordCount\":1003,\"image\":{\"@id\":\"https:\/\/komlohotelgyula.hu\/ro\/feltoltodes-helyben-wellness-szolgaltatasok\/#primaryimage\"},\"thumbnailUrl\":\"https:\/\/komlohotelgyula.hu\/wp-content\/uploads\/wellness-szolgaltatas.jpg\",\"articleSection\":[\"Servicii\"],\"inLanguage\":\"ro-RO\"},{\"@type\":\"WebPage\",\"@id\":\"https:\/\/komlohotelgyula.hu\/ro\/feltoltodes-helyben-wellness-szolgaltatasok\/\",\"url\":\"https:\/\/komlohotelgyula.hu\/ro\/feltoltodes-helyben-wellness-szolgaltatasok\/\",\"name\":\"Felt\u00f6lt\u0151d\u00e9s helyben \u2013 Wellness szolg\u00e1ltat\u00e1sok - Koml\u00f3 Hotel Gyula\",\"isPartOf\":{\"@id\":\"https:\/\/komlohotelgyula.hu\/#website\"},\"primaryImageOfPage\":{\"@id\":\"https:\/\/komlohotelgyula.hu\/ro\/feltoltodes-helyben-wellness-szolgaltatasok\/#primaryimage\"},\"image\":{\"@id\":\"https:\/\/komlohotelgyula.hu\/ro\/feltoltodes-helyben-wellness-szolgaltatasok\/#primaryimage\"},\"thumbnailUrl\":\"https:\/\/komlohotelgyula.hu\/wp-content\/uploads\/wellness-szolgaltatas.jpg\",\"datePublished\":\"2017-04-01T13:26:57+00:00\",\"dateModified\":\"2023-08-15T10:52:11+00:00\",\"author\":{\"@id\":\"https:\/\/komlohotelgyula.hu\/#\/schema\/person\/c221155c468ad1cd399dc9077dfb653a\"},\"description\":\"Elmaradhatatlan \u00e9s k\u00f6telez\u0151 szolg\u00e1ltat\u00e1s Gyul\u00e1ra l\u00e1togat\u00f3 vend\u00e9geink r\u00e9sz\u00e9re a wellness szolg\u00e1ltat\u00e1sok csomagja. T\u00f6lt\u0151dj\u00f6n fel n\u00e1lunk!\",\"breadcrumb\":{\"@id\":\"https:\/\/komlohotelgyula.hu\/ro\/feltoltodes-helyben-wellness-szolgaltatasok\/#breadcrumb\"},\"inLanguage\":\"ro-RO\",\"potentialAction\":[{\"@type\":\"ReadAction\",\"target\":[\"https:\/\/komlohotelgyula.hu\/ro\/feltoltodes-helyben-wellness-szolgaltatasok\/\"]}]},{\"@type\":\"ImageObject\",\"inLanguage\":\"ro-RO\",\"@id\":\"https:\/\/komlohotelgyula.hu\/ro\/feltoltodes-helyben-wellness-szolgaltatasok\/#primaryimage\",\"url\":\"https:\/\/komlohotelgyula.hu\/wp-content\/uploads\/wellness-szolgaltatas.jpg\",\"contentUrl\":\"https:\/\/komlohotelgyula.hu\/wp-content\/uploads\/wellness-szolgaltatas.jpg\",\"width\":1066,\"height\":800,\"caption\":\"Wellness szolg\u00e1ltat\u00e1s | Koml\u00f3 Hotel Gyula\"},{\"@type\":\"BreadcrumbList\",\"@id\":\"https:\/\/komlohotelgyula.hu\/ro\/feltoltodes-helyben-wellness-szolgaltatasok\/#breadcrumb\",\"itemListElement\":[{\"@type\":\"ListItem\",\"position\":1,\"name\":\"Home\",\"item\":\"https:\/\/komlohotelgyula.hu\/ro\/\"},{\"@type\":\"ListItem\",\"position\":2,\"name\":\"REINCARCARE &#8211; SERVICII DE WELLNESS\"}]},{\"@type\":\"WebSite\",\"@id\":\"https:\/\/komlohotelgyula.hu\/#website\",\"url\":\"https:\/\/komlohotelgyula.hu\/\",\"name\":\"Koml\u00f3 Hotel Gyula\",\"description\":\"\",\"potentialAction\":[{\"@type\":\"SearchAction\",\"target\":{\"@type\":\"EntryPoint\",\"urlTemplate\":\"https:\/\/komlohotelgyula.hu\/?s={search_term_string}\"},\"query-input\":{\"@type\":\"PropertyValueSpecification\",\"valueRequired\":true,\"valueName\":\"search_term_string\"}}],\"inLanguage\":\"ro-RO\"},{\"@type\":\"Person\",\"@id\":\"https:\/\/komlohotelgyula.hu\/#\/schema\/person\/c221155c468ad1cd399dc9077dfb653a\",\"name\":\"wakeliteweb\",\"image\":{\"@type\":\"ImageObject\",\"inLanguage\":\"ro-RO\",\"@id\":\"https:\/\/secure.gravatar.com\/avatar\/57880039eccb28a6e1d8b52279c1455afc245c722c2911cb6e2ceb689ff24cd1?s=96&d=mm&r=g\",\"url\":\"https:\/\/secure.gravatar.com\/avatar\/57880039eccb28a6e1d8b52279c1455afc245c722c2911cb6e2ceb689ff24cd1?s=96&d=mm&r=g\",\"contentUrl\":\"https:\/\/secure.gravatar.com\/avatar\/57880039eccb28a6e1d8b52279c1455afc245c722c2911cb6e2ceb689ff24cd1?s=96&d=mm&r=g\",\"caption\":\"wakeliteweb\"}}]}<\/script>\n<!-- \/ Yoast SEO Premium plugin. -->","yoast_head_json":{"title":"Felt\u00f6lt\u0151d\u00e9s helyben \u2013 Wellness szolg\u00e1ltat\u00e1sok - Koml\u00f3 Hotel Gyula","description":"Elmaradhatatlan \u00e9s k\u00f6telez\u0151 szolg\u00e1ltat\u00e1s Gyul\u00e1ra l\u00e1togat\u00f3 vend\u00e9geink r\u00e9sz\u00e9re a wellness szolg\u00e1ltat\u00e1sok csomagja. T\u00f6lt\u0151dj\u00f6n fel n\u00e1lunk!","robots":{"index":"index","follow":"follow","max-snippet":"max-snippet:-1","max-image-preview":"max-image-preview:large","max-video-preview":"max-video-preview:-1"},"canonical":"https:\/\/komlohotelgyula.hu\/ro\/feltoltodes-helyben-wellness-szolgaltatasok\/","og_locale":"ro_RO","og_type":"article","og_title":"REINCARCARE - SERVICII DE WELLNESS","og_description":"Elmaradhatatlan \u00e9s k\u00f6telez\u0151 szolg\u00e1ltat\u00e1s Gyul\u00e1ra l\u00e1togat\u00f3 vend\u00e9geink r\u00e9sz\u00e9re a wellness szolg\u00e1ltat\u00e1sok csomagja. T\u00f6lt\u0151dj\u00f6n fel n\u00e1lunk!","og_url":"https:\/\/komlohotelgyula.hu\/ro\/feltoltodes-helyben-wellness-szolgaltatasok\/","og_site_name":"Koml\u00f3 Hotel Gyula","article_publisher":"https:\/\/www.facebook.com\/KomloHotelGyula\/","article_published_time":"2017-04-01T13:26:57+00:00","article_modified_time":"2023-08-15T10:52:11+00:00","og_image":[{"width":1066,"height":800,"url":"https:\/\/komlohotelgyula.hu\/images\/wellness-szolgaltatas.jpg","type":"image\/jpeg"}],"author":"wakeliteweb","twitter_card":"summary_large_image","twitter_misc":{"Scris de":"wakeliteweb","Timp estimat pentru citire":"3 minute"},"schema":{"@context":"https:\/\/schema.org","@graph":[{"@type":"Article","@id":"https:\/\/komlohotelgyula.hu\/ro\/feltoltodes-helyben-wellness-szolgaltatasok\/#article","isPartOf":{"@id":"https:\/\/komlohotelgyula.hu\/ro\/feltoltodes-helyben-wellness-szolgaltatasok\/"},"author":{"name":"wakeliteweb","@id":"https:\/\/komlohotelgyula.hu\/#\/schema\/person\/c221155c468ad1cd399dc9077dfb653a"},"headline":"REINCARCARE &#8211; SERVICII DE WELLNESS","datePublished":"2017-04-01T13:26:57+00:00","dateModified":"2023-08-15T10:52:11+00:00","mainEntityOfPage":{"@id":"https:\/\/komlohotelgyula.hu\/ro\/feltoltodes-helyben-wellness-szolgaltatasok\/"},"wordCount":1003,"image":{"@id":"https:\/\/komlohotelgyula.hu\/ro\/feltoltodes-helyben-wellness-szolgaltatasok\/#primaryimage"},"thumbnailUrl":"https:\/\/komlohotelgyula.hu\/wp-content\/uploads\/wellness-szolgaltatas.jpg","articleSection":["Servicii"],"inLanguage":"ro-RO"},{"@type":"WebPage","@id":"https:\/\/komlohotelgyula.hu\/ro\/feltoltodes-helyben-wellness-szolgaltatasok\/","url":"https:\/\/komlohotelgyula.hu\/ro\/feltoltodes-helyben-wellness-szolgaltatasok\/","name":"Felt\u00f6lt\u0151d\u00e9s helyben \u2013 Wellness szolg\u00e1ltat\u00e1sok - Koml\u00f3 Hotel Gyula","isPartOf":{"@id":"https:\/\/komlohotelgyula.hu\/#website"},"primaryImageOfPage":{"@id":"https:\/\/komlohotelgyula.hu\/ro\/feltoltodes-helyben-wellness-szolgaltatasok\/#primaryimage"},"image":{"@id":"https:\/\/komlohotelgyula.hu\/ro\/feltoltodes-helyben-wellness-szolgaltatasok\/#primaryimage"},"thumbnailUrl":"https:\/\/komlohotelgyula.hu\/wp-content\/uploads\/wellness-szolgaltatas.jpg","datePublished":"2017-04-01T13:26:57+00:00","dateModified":"2023-08-15T10:52:11+00:00","author":{"@id":"https:\/\/komlohotelgyula.hu\/#\/schema\/person\/c221155c468ad1cd399dc9077dfb653a"},"description":"Elmaradhatatlan \u00e9s k\u00f6telez\u0151 szolg\u00e1ltat\u00e1s Gyul\u00e1ra l\u00e1togat\u00f3 vend\u00e9geink r\u00e9sz\u00e9re a wellness szolg\u00e1ltat\u00e1sok csomagja. T\u00f6lt\u0151dj\u00f6n fel n\u00e1lunk!","breadcrumb":{"@id":"https:\/\/komlohotelgyula.hu\/ro\/feltoltodes-helyben-wellness-szolgaltatasok\/#breadcrumb"},"inLanguage":"ro-RO","potentialAction":[{"@type":"ReadAction","target":["https:\/\/komlohotelgyula.hu\/ro\/feltoltodes-helyben-wellness-szolgaltatasok\/"]}]},{"@type":"ImageObject","inLanguage":"ro-RO","@id":"https:\/\/komlohotelgyula.hu\/ro\/feltoltodes-helyben-wellness-szolgaltatasok\/#primaryimage","url":"https:\/\/komlohotelgyula.hu\/wp-content\/uploads\/wellness-szolgaltatas.jpg","contentUrl":"https:\/\/komlohotelgyula.hu\/wp-content\/uploads\/wellness-szolgaltatas.jpg","width":1066,"height":800,"caption":"Wellness szolg\u00e1ltat\u00e1s | Koml\u00f3 Hotel Gyula"},{"@type":"BreadcrumbList","@id":"https:\/\/komlohotelgyula.hu\/ro\/feltoltodes-helyben-wellness-szolgaltatasok\/#breadcrumb","itemListElement":[{"@type":"ListItem","position":1,"name":"Home","item":"https:\/\/komlohotelgyula.hu\/ro\/"},{"@type":"ListItem","position":2,"name":"REINCARCARE &#8211; SERVICII DE WELLNESS"}]},{"@type":"WebSite","@id":"https:\/\/komlohotelgyula.hu\/#website","url":"https:\/\/komlohotelgyula.hu\/","name":"Koml\u00f3 Hotel Gyula","description":"","potentialAction":[{"@type":"SearchAction","target":{"@type":"EntryPoint","urlTemplate":"https:\/\/komlohotelgyula.hu\/?s={search_term_string}"},"query-input":{"@type":"PropertyValueSpecification","valueRequired":true,"valueName":"search_term_string"}}],"inLanguage":"ro-RO"},{"@type":"Person","@id":"https:\/\/komlohotelgyula.hu\/#\/schema\/person\/c221155c468ad1cd399dc9077dfb653a","name":"wakeliteweb","image":{"@type":"ImageObject","inLanguage":"ro-RO","@id":"https:\/\/secure.gravatar.com\/avatar\/57880039eccb28a6e1d8b52279c1455afc245c722c2911cb6e2ceb689ff24cd1?s=96&d=mm&r=g","url":"https:\/\/secure.gravatar.com\/avatar\/57880039eccb28a6e1d8b52279c1455afc245c722c2911cb6e2ceb689ff24cd1?s=96&d=mm&r=g","contentUrl":"https:\/\/secure.gravatar.com\/avatar\/57880039eccb28a6e1d8b52279c1455afc245c722c2911cb6e2ceb689ff24cd1?s=96&d=mm&r=g","caption":"wakeliteweb"}}]}},"_links":{"self":[{"href":"https:\/\/komlohotelgyula.hu\/ro\/wp-json\/wp\/v2\/posts\/88459","targetHints":{"allow":["GET"]}}],"collection":[{"href":"https:\/\/komlohotelgyula.hu\/ro\/wp-json\/wp\/v2\/posts"}],"about":[{"href":"https:\/\/komlohotelgyula.hu\/ro\/wp-json\/wp\/v2\/types\/post"}],"author":[{"embeddable":true,"href":"https:\/\/komlohotelgyula.hu\/ro\/wp-json\/wp\/v2\/users\/2"}],"replies":[{"embeddable":true,"href":"https:\/\/komlohotelgyula.hu\/ro\/wp-json\/wp\/v2\/comments?post=88459"}],"version-history":[{"count":0,"href":"https:\/\/komlohotelgyula.hu\/ro\/wp-json\/wp\/v2\/posts\/88459\/revisions"}],"wp:featuredmedia":[{"embeddable":true,"href":"https:\/\/komlohotelgyula.hu\/ro\/wp-json\/wp\/v2\/media\/87239"}],"wp:attachment":[{"href":"https:\/\/komlohotelgyula.hu\/ro\/wp-json\/wp\/v2\/media?parent=88459"}],"wp:term":[{"taxonomy":"category","embeddable":true,"href":"https:\/\/komlohotelgyula.hu\/ro\/wp-json\/wp\/v2\/categories?post=88459"},{"taxonomy":"post_tag","embeddable":true,"href":"https:\/\/komlohotelgyula.hu\/ro\/wp-json\/wp\/v2\/tags?post=88459"}],"curies":[{"name":"wp","href":"https:\/\/api.w.org\/{rel}","templated":true}]}}