{"id":88388,"date":"2023-05-11T14:19:10","date_gmt":"2023-05-11T12:19:10","guid":{"rendered":"https:\/\/dev.komlohotelgyula.hu\/standard-szoba\/"},"modified":"2023-08-14T14:02:35","modified_gmt":"2023-08-14T12:02:35","slug":"standard-szoba","status":"publish","type":"post","link":"https:\/\/komlohotelgyula.hu\/ro\/standard-szoba\/","title":{"rendered":"Standard Szoba"},"content":{"rendered":"<p>[et_pb_section fb_built=&#8221;1&#8243; admin_label=&#8221;Bor\u00edt\u00f3&#8221; _builder_version=&#8221;4.20.2&#8243; _module_preset=&#8221;default&#8221; background_color=&#8221;rgba(133,133,133,0.8)&#8221; background_image=&#8221;https:\/\/komlohotelgyula.hu\/wp-content\/uploads\/belso-hotel-etterem-gyula.jpg&#8221; background_blend=&#8221;soft-light&#8221; custom_padding=&#8221;284px|||||&#8221; filter_saturate=&#8221;99%&#8221; bottom_divider_style=&#8221;wave2&#8243; bottom_divider_color=&#8221;#B5A166&#8243; bottom_divider_height=&#8221;70px&#8221; border_width_bottom=&#8221;4px&#8221; border_color_bottom=&#8221;#B5A166&#8243; global_colors_info=&#8221;{}&#8221;][\/et_pb_section][et_pb_section fb_built=&#8221;1&#8243; _builder_version=&#8221;4.20.2&#8243; _module_preset=&#8221;default&#8221; custom_padding=&#8221;0px||14px|||&#8221; locked=&#8221;off&#8221; collapsed=&#8221;on&#8221; global_colors_info=&#8221;{}&#8221;][et_pb_row _builder_version=&#8221;4.20.0&#8243; _module_preset=&#8221;default&#8221; custom_margin=&#8221;||0px||false|false&#8221; custom_padding=&#8221;||0px||false|false&#8221; global_colors_info=&#8221;{}&#8221;][et_pb_column type=&#8221;4_4&#8243; _builder_version=&#8221;4.16&#8243; _module_preset=&#8221;default&#8221; global_colors_info=&#8221;{}&#8221;][et_pb_blurb title=&#8221;Camer\u0103 standard&#8221; use_icon=&#8221;on&#8221; font_icon=&#8221;&#xf43a;||fa||900&#8243; icon_color=&#8221;#B5A166&#8243; icon_placement=&#8221;left&#8221; image_icon_width=&#8221;43px&#8221; content_max_width=&#8221;100%&#8221; _builder_version=&#8221;4.21.2&#8243; _module_preset=&#8221;default&#8221; header_font=&#8221;Bebas Neue||||||||&#8221; header_text_color=&#8221;#B5A166&#8243; header_font_size=&#8221;52px&#8221; module_alignment=&#8221;left&#8221; border_color_all=&#8221;#d6d6d6&#8243; border_width_bottom=&#8221;2px&#8221; global_colors_info=&#8221;{}&#8221;][\/et_pb_blurb][\/et_pb_column][\/et_pb_row][et_pb_row _builder_version=&#8221;4.20.0&#8243; _module_preset=&#8221;default&#8221; custom_margin=&#8221;0px||||false|false&#8221; custom_padding=&#8221;0px||||false|false&#8221; custom_css_main_element=&#8221;display: flex;||align-items: center;&#8221; global_colors_info=&#8221;{}&#8221; custom_css_main_element_last_edited=&#8221;on|phone&#8221; custom_css_main_element_tablet=&#8221;display:block;&#8221; custom_css_main_element_phone=&#8221;display:block;&#8221;][et_pb_column type=&#8221;4_4&#8243; _builder_version=&#8221;4.20.0&#8243; _module_preset=&#8221;default&#8221; global_colors_info=&#8221;{}&#8221;][et_pb_text _builder_version=&#8221;4.21.2&#8243; _module_preset=&#8221;default&#8221; text_orientation=&#8221;justified&#8221; custom_margin=&#8221;24px||2px||false|false&#8221; custom_padding=&#8221;0px||0px||false|false&#8221; global_colors_info=&#8221;{}&#8221;]<\/p>\n<p>Camerele Standard asigur\u0103 oferta economic\u0103 a hotelului nostru. Sunt mobilate cu aten\u021bie \u0219i includ majoritatea facilit\u0103\u021bilor confortabile ale hotelului. Camerele Standard sunt recomandate at\u00e2t cuplurilor c\u00e2t \u0219i oaspe\u021bilor care c\u0103l\u0103toresc \u00een interes de afaceri. Camerele au vedere c\u0103tre bulevadrul B\u00e9ke \u0219i sunt orientate spre Vest. Fiecare camer\u0103 are o cabin\u0103 de du\u0219.<\/p>\n<p>Suprafa\u021ba medie a camerelor este de 18m<sup>2<\/sup>.<\/p>\n<p>Avem un total de 13 camere Standard \u00een hotelul nostru.<\/p>\n<p>Camer\u0103 pentru nefum\u0103tori.<\/p>\n<p>&nbsp;<\/p>\n<p>[\/et_pb_text][et_pb_image src=&#8221;https:\/\/komlohotelgyula.hu\/wp-content\/uploads\/komlo-gyulai-standard-szoba-2-scaled.jpg&#8221; alt=&#8221;Koml\u00f3 Hotel Gyula standard szoba&#8221; title_text=&#8221;Koml\u00f3 Hotel Gyula standard szoba&#8221; _builder_version=&#8221;4.20.2&#8243; _module_preset=&#8221;default&#8221; custom_margin=&#8221;||35px|||&#8221; border_radii=&#8221;on|1em|1em|1em|1em&#8221; border_width_all=&#8221;4px&#8221; border_color_all=&#8221;#B5A166&#8243; global_colors_info=&#8221;{}&#8221;][\/et_pb_image][et_pb_gallery gallery_ids=&#8221;87679,87676,87673,87744&#8243; show_title_and_caption=&#8221;off&#8221; show_pagination=&#8221;off&#8221; zoom_icon_color=&#8221;RGBA(255,255,255,0)&#8221; hover_overlay_color=&#8221;RGBA(255,255,255,0)&#8221; _builder_version=&#8221;4.20.2&#8243; _module_preset=&#8221;default&#8221; custom_margin=&#8221;||9px||false|false&#8221; custom_padding=&#8221;||0px||false|false&#8221; locked=&#8221;off&#8221; global_colors_info=&#8221;{}&#8221;][\/et_pb_gallery][et_pb_text _builder_version=&#8221;4.21.2&#8243; _module_preset=&#8221;default&#8221; header_font=&#8221;||||||||&#8221; text_orientation=&#8221;center&#8221; custom_margin=&#8221;||-13px|||&#8221; custom_padding=&#8221;||0px|||&#8221; global_colors_info=&#8221;{}&#8221;]<\/p>\n<h1>SERVICII INCLUSE \u00ceN PACHET:<\/h1>\n<p>[\/et_pb_text][\/et_pb_column][\/et_pb_row][et_pb_row column_structure=&#8221;1_2,1_2&#8243; _builder_version=&#8221;4.16&#8243; _module_preset=&#8221;default&#8221; custom_margin=&#8221;-14px|auto||auto||&#8221; global_colors_info=&#8221;{}&#8221;][et_pb_column type=&#8221;1_2&#8243; _builder_version=&#8221;4.16&#8243; _module_preset=&#8221;default&#8221; global_colors_info=&#8221;{}&#8221;][et_pb_blurb title=&#8221;Num\u0103r de locuri&#8221; use_icon=&#8221;on&#8221; font_icon=&#8221;&#xe08b;||divi||400&#8243; icon_color=&#8221;#B5A166&#8243; icon_placement=&#8221;left&#8221; _builder_version=&#8221;4.21.2&#8243; _module_preset=&#8221;default&#8221; header_font=&#8221;Bebas Neue||||||||&#8221; header_text_color=&#8221;#B5A166&#8243; header_font_size=&#8221;30px&#8221; header_letter_spacing=&#8221;3px&#8221; body_font=&#8221;||||||||&#8221; body_text_color=&#8221;#6b6b6b&#8221; background_color=&#8221;#fff6e5&#8243; custom_margin=&#8221;||||false|false&#8221; custom_padding=&#8221;10px|10px|10px|10px|false|false&#8221; animation_style=&#8221;slide&#8221; border_color_all=&#8221;#d6d6d6&#8243; border_width_left=&#8221;3px&#8221; global_colors_info=&#8221;{}&#8221;]<\/p>\n<p>Maxim 2 persoane<\/p>\n<p>[\/et_pb_blurb][et_pb_blurb title=&#8221;Pat&#8221; use_icon=&#8221;on&#8221; font_icon=&#8221;&#xf236;||fa||900&#8243; icon_color=&#8221;#B5A166&#8243; icon_placement=&#8221;left&#8221; _builder_version=&#8221;4.21.2&#8243; _module_preset=&#8221;default&#8221; header_font=&#8221;Bebas Neue||||||||&#8221; header_text_color=&#8221;#B5A166&#8243; header_font_size=&#8221;30px&#8221; header_letter_spacing=&#8221;3px&#8221; body_font=&#8221;||||||||&#8221; body_text_color=&#8221;#6b6b6b&#8221; background_color=&#8221;#fff6e5&#8243; custom_margin=&#8221;||||false|false&#8221; custom_padding=&#8221;10px|10px|10px|10px|false|false&#8221; animation_style=&#8221;slide&#8221; border_color_all=&#8221;#d6d6d6&#8243; border_width_left=&#8221;3px&#8221; global_colors_info=&#8221;{}&#8221;]<\/p>\n<p>Pat dublu de 160\u00d7200 cm, cu saltea de 23 cm grosime<\/p>\n<p>[\/et_pb_blurb][et_pb_blurb title=&#8221;Canapea extensibil\u0103&#8221; use_icon=&#8221;on&#8221; font_icon=&#8221;&#xf4b8;||fa||900&#8243; icon_color=&#8221;#B5A166&#8243; icon_placement=&#8221;left&#8221; _builder_version=&#8221;4.21.2&#8243; _module_preset=&#8221;default&#8221; header_font=&#8221;Bebas Neue||||||||&#8221; header_text_color=&#8221;#B5A166&#8243; header_font_size=&#8221;30px&#8221; header_letter_spacing=&#8221;3px&#8221; body_font=&#8221;||||||||&#8221; body_text_color=&#8221;#6b6b6b&#8221; background_color=&#8221;#fff6e5&#8243; custom_margin=&#8221;||||false|false&#8221; custom_padding=&#8221;10px|10px|10px|10px|false|false&#8221; animation_style=&#8221;slide&#8221; border_color_all=&#8221;#d6d6d6&#8243; border_width_left=&#8221;3px&#8221; global_colors_info=&#8221;{}&#8221;]<\/p>\n<p>Nu<\/p>\n<p>[\/et_pb_blurb][et_pb_blurb title=&#8221;Aer condi\u021bionat&#8221; use_icon=&#8221;on&#8221; font_icon=&#8221;&#xf2dc;||fa||400&#8243; icon_color=&#8221;#B5A166&#8243; icon_placement=&#8221;left&#8221; _builder_version=&#8221;4.21.2&#8243; _module_preset=&#8221;default&#8221; header_font=&#8221;Bebas Neue||||||||&#8221; header_text_color=&#8221;#B5A166&#8243; header_font_size=&#8221;30px&#8221; header_letter_spacing=&#8221;3px&#8221; body_font=&#8221;||||||||&#8221; body_text_color=&#8221;#6b6b6b&#8221; background_color=&#8221;#fff6e5&#8243; custom_margin=&#8221;||||false|false&#8221; custom_padding=&#8221;10px|10px|10px|10px|false|false&#8221; animation_style=&#8221;slide&#8221; border_color_all=&#8221;#d6d6d6&#8243; border_width_left=&#8221;3px&#8221; global_colors_info=&#8221;{}&#8221;]<\/p>\n<p>Exist\u0103 (reglabil individual)<\/p>\n<p>[\/et_pb_blurb][et_pb_blurb title=&#8221;Buc\u0103t\u0103rie&#8221; use_icon=&#8221;on&#8221; font_icon=&#8221;&#xf7b6;||fa||900&#8243; icon_color=&#8221;#B5A166&#8243; icon_placement=&#8221;left&#8221; _builder_version=&#8221;4.21.2&#8243; _module_preset=&#8221;default&#8221; header_font=&#8221;Bebas Neue||||||||&#8221; header_text_color=&#8221;#B5A166&#8243; header_font_size=&#8221;30px&#8221; header_letter_spacing=&#8221;3px&#8221; body_font=&#8221;||||||||&#8221; body_text_color=&#8221;#6b6b6b&#8221; background_color=&#8221;#fff6e5&#8243; custom_margin=&#8221;||||false|false&#8221; custom_padding=&#8221;10px|10px|10px|10px|false|false&#8221; animation_style=&#8221;slide&#8221; border_color_all=&#8221;#d6d6d6&#8243; border_width_left=&#8221;3px&#8221; global_colors_info=&#8221;{}&#8221;]<\/p>\n<p>Aparat de cafea, fierb\u0103tor de ap\u0103<\/p>\n<p>[\/et_pb_blurb][et_pb_blurb title=&#8221;Minibar&#8221; use_icon=&#8221;on&#8221; font_icon=&#8221;&#xf561;||fa||900&#8243; icon_color=&#8221;#B5A166&#8243; icon_placement=&#8221;left&#8221; _builder_version=&#8221;4.21.2&#8243; _module_preset=&#8221;default&#8221; header_font=&#8221;Bebas Neue||||||||&#8221; header_text_color=&#8221;#B5A166&#8243; header_font_size=&#8221;30px&#8221; header_letter_spacing=&#8221;3px&#8221; body_font=&#8221;||||||||&#8221; body_text_color=&#8221;#6b6b6b&#8221; background_color=&#8221;#fff6e5&#8243; custom_margin=&#8221;||||false|false&#8221; custom_padding=&#8221;10px|10px|10px|10px|false|false&#8221; animation_style=&#8221;slide&#8221; border_color_all=&#8221;#d6d6d6&#8243; border_width_left=&#8221;3px&#8221; global_colors_info=&#8221;{}&#8221;]<\/p>\n<p>Exist\u0103<\/p>\n<p>[\/et_pb_blurb][\/et_pb_column][et_pb_column type=&#8221;1_2&#8243; _builder_version=&#8221;4.16&#8243; _module_preset=&#8221;default&#8221; global_colors_info=&#8221;{}&#8221;][et_pb_blurb title=&#8221;Wifi&#8221; use_icon=&#8221;on&#8221; font_icon=&#8221;&#xf1eb;||fa||900&#8243; icon_color=&#8221;#B5A166&#8243; icon_placement=&#8221;left&#8221; _builder_version=&#8221;4.21.2&#8243; _module_preset=&#8221;default&#8221; header_font=&#8221;Bebas Neue||||||||&#8221; header_text_color=&#8221;#B5A166&#8243; header_font_size=&#8221;30px&#8221; header_letter_spacing=&#8221;3px&#8221; body_font=&#8221;||||||||&#8221; body_text_color=&#8221;#6b6b6b&#8221; background_color=&#8221;#fff6e5&#8243; custom_margin=&#8221;||||false|false&#8221; custom_padding=&#8221;10px|10px|10px|10px|false|false&#8221; animation_style=&#8221;slide&#8221; border_color_all=&#8221;#d6d6d6&#8243; border_width_left=&#8221;3px&#8221; global_colors_info=&#8221;{}&#8221;]<\/p>\n<p>Band\u0103 larg\u0103<\/p>\n<p>[\/et_pb_blurb][et_pb_blurb title=&#8221;Televizor&#8221; use_icon=&#8221;on&#8221; font_icon=&#8221;&#xf26c;||fa||900&#8243; icon_color=&#8221;#B5A166&#8243; icon_placement=&#8221;left&#8221; _builder_version=&#8221;4.21.2&#8243; _module_preset=&#8221;default&#8221; header_font=&#8221;Bebas Neue||||||||&#8221; header_text_color=&#8221;#B5A166&#8243; header_font_size=&#8221;30px&#8221; header_letter_spacing=&#8221;3px&#8221; body_font=&#8221;||||||||&#8221; body_text_color=&#8221;#6b6b6b&#8221; background_color=&#8221;#fff6e5&#8243; custom_margin=&#8221;||||false|false&#8221; custom_padding=&#8221;10px|10px|10px|10px|false|false&#8221; animation_style=&#8221;slide&#8221; border_color_all=&#8221;#d6d6d6&#8243; border_width_left=&#8221;3px&#8221; global_colors_info=&#8221;{}&#8221;]<\/p>\n<p>Televizor LCD SMART<\/p>\n<p>[\/et_pb_blurb][et_pb_blurb title=&#8221;Vedere&#8221; use_icon=&#8221;on&#8221; font_icon=&#8221;&#xe08c;||divi||400&#8243; icon_color=&#8221;#B5A166&#8243; icon_placement=&#8221;left&#8221; _builder_version=&#8221;4.21.2&#8243; _module_preset=&#8221;default&#8221; header_font=&#8221;Bebas Neue||||||||&#8221; header_text_color=&#8221;#B5A166&#8243; header_font_size=&#8221;30px&#8221; header_letter_spacing=&#8221;3px&#8221; body_font=&#8221;||||||||&#8221; body_text_color=&#8221;#6b6b6b&#8221; background_color=&#8221;#fff6e5&#8243; custom_margin=&#8221;||||false|false&#8221; custom_padding=&#8221;10px|10px|10px|10px|false|false&#8221; animation_style=&#8221;slide&#8221; border_color_all=&#8221;#d6d6d6&#8243; border_width_left=&#8221;3px&#8221; global_colors_info=&#8221;{}&#8221;]<\/p>\n<p>Vedere la bulevardul B\u00e9ke (P\u0103cii)<\/p>\n<p>[\/et_pb_blurb][et_pb_blurb title=&#8221;Baie&#8221; use_icon=&#8221;on&#8221; font_icon=&#8221;&#xf2cc;||fa||900&#8243; icon_color=&#8221;#B5A166&#8243; icon_placement=&#8221;left&#8221; _builder_version=&#8221;4.21.2&#8243; _module_preset=&#8221;default&#8221; header_font=&#8221;Bebas Neue||||||||&#8221; header_text_color=&#8221;#B5A166&#8243; header_font_size=&#8221;30px&#8221; header_letter_spacing=&#8221;3px&#8221; body_font=&#8221;||||||||&#8221; body_text_color=&#8221;#6b6b6b&#8221; background_color=&#8221;#fff6e5&#8243; custom_margin=&#8221;||||false|false&#8221; custom_padding=&#8221;10px|10px|10px|10px|false|false&#8221; animation_style=&#8221;slide&#8221; border_color_all=&#8221;#d6d6d6&#8243; border_width_left=&#8221;3px&#8221; global_colors_info=&#8221;{}&#8221;]<\/p>\n<p>Du\u0219 \u0219i WC privat<\/p>\n<p>[\/et_pb_blurb][et_pb_blurb title=&#8221;LOC PENTRU FUMAT&#8221; use_icon=&#8221;on&#8221; font_icon=&#8221;&#xf54d;||fa||900&#8243; icon_color=&#8221;#B5A166&#8243; icon_placement=&#8221;left&#8221; _builder_version=&#8221;4.21.2&#8243; _module_preset=&#8221;default&#8221; header_font=&#8221;Bebas Neue||||||||&#8221; header_text_color=&#8221;#B5A166&#8243; header_font_size=&#8221;30px&#8221; header_letter_spacing=&#8221;3px&#8221; body_font=&#8221;||||||||&#8221; body_text_color=&#8221;#6b6b6b&#8221; background_color=&#8221;#fff6e5&#8243; custom_margin=&#8221;||||false|false&#8221; custom_padding=&#8221;10px|10px|10px|10px|false|false&#8221; animation_style=&#8221;slide&#8221; border_color_all=&#8221;#d6d6d6&#8243; border_width_left=&#8221;3px&#8221; global_colors_info=&#8221;{}&#8221;]<\/p>\n<p>Camer\u0103 pentru nefum\u0103tori<\/p>\n<p>[\/et_pb_blurb][et_pb_blurb title=&#8221;\u00ceNTUNECARE&#8221; use_icon=&#8221;on&#8221; font_icon=&#8221;&#xf185;||fa||900&#8243; icon_color=&#8221;#B5A166&#8243; image_icon_background_color=&#8221;RGBA(255,255,255,0)&#8221; icon_placement=&#8221;left&#8221; _builder_version=&#8221;4.21.2&#8243; _module_preset=&#8221;default&#8221; header_font=&#8221;Bebas Neue||||||||&#8221; header_text_color=&#8221;#B5A166&#8243; header_font_size=&#8221;30px&#8221; header_letter_spacing=&#8221;3px&#8221; body_font=&#8221;||||||||&#8221; body_text_color=&#8221;#6b6b6b&#8221; background_color=&#8221;#fff6e5&#8243; custom_margin=&#8221;||||false|false&#8221; custom_padding=&#8221;10px|10px|10px|10px|false|false&#8221; animation_style=&#8221;slide&#8221; border_color_all=&#8221;#d6d6d6&#8243; border_width_left=&#8221;3px&#8221; global_colors_info=&#8221;{}&#8221;]<\/p>\n<p>Draperie pentru \u00eentunecare<\/p>\n<p>[\/et_pb_blurb][\/et_pb_column][\/et_pb_row][et_pb_row _builder_version=&#8221;4.20.2&#8243; _module_preset=&#8221;default&#8221; custom_padding=&#8221;23px||29px|||&#8221; global_colors_info=&#8221;{}&#8221;][et_pb_column type=&#8221;4_4&#8243; _builder_version=&#8221;4.20.2&#8243; _module_preset=&#8221;default&#8221; global_colors_info=&#8221;{}&#8221;][et_pb_text _builder_version=&#8221;4.21.2&#8243; _module_preset=&#8221;default&#8221; text_orientation=&#8221;center&#8221; custom_margin=&#8221;24px||2px||false|false&#8221; custom_padding=&#8221;0px||0px||false|false&#8221; global_colors_info=&#8221;{}&#8221;]<\/p>\n<p>Dac\u0103 v-a pl\u0103cut aceast\u0103 camer\u0103, v\u0103 rug\u0103m s\u0103 o selecta\u021bi \u00een sistemul nostru de rezerv\u0103ri dup\u0103 specificarea d\u0103\u021bii<\/p>\n<p>[\/et_pb_text][et_pb_button button_url=&#8221;@ET-DC@eyJkeW5hbWljIjp0cnVlLCJjb250ZW50IjoicG9zdF9saW5rX3VybF9wYWdlIiwic2V0dGluZ3MiOnsicG9zdF9pZCI6Ijg1MzkifX0=@&#8221; button_text=&#8221;Rezerv\u0103 camera&#8221; button_alignment=&#8221;center&#8221; _builder_version=&#8221;4.21.2&#8243; _dynamic_attributes=&#8221;button_url&#8221; _module_preset=&#8221;default&#8221; custom_button=&#8221;on&#8221; button_text_size=&#8221;25px&#8221; button_text_color=&#8221;#B5A166&#8243; button_border_color=&#8221;#B5A166&#8243; custom_margin=&#8221;33px||20px|||&#8221; box_shadow_style=&#8221;preset2&#8243; locked=&#8221;off&#8221; global_colors_info=&#8221;{}&#8221;][\/et_pb_button][\/et_pb_column][\/et_pb_row][\/et_pb_section][et_pb_section fb_built=&#8221;1&#8243; _builder_version=&#8221;4.20.2&#8243; _module_preset=&#8221;default&#8221; background_color=&#8221;#858585&#8243; custom_padding=&#8221;28px|||||&#8221; locked=&#8221;off&#8221; global_colors_info=&#8221;{}&#8221;][et_pb_row _builder_version=&#8221;4.20.2&#8243; _module_preset=&#8221;default&#8221; custom_padding=&#8221;||23px|||&#8221; global_colors_info=&#8221;{}&#8221;][et_pb_column type=&#8221;4_4&#8243; _builder_version=&#8221;4.20.2&#8243; _module_preset=&#8221;default&#8221; global_colors_info=&#8221;{}&#8221;][et_pb_text _builder_version=&#8221;4.21.2&#8243; _module_preset=&#8221;default&#8221; header_text_color=&#8221;#FFFFFF&#8221; header_line_height=&#8221;1.2em&#8221; locked=&#8221;off&#8221; global_colors_info=&#8221;{}&#8221;]<\/p>\n<h1>ALTE TIPURI DE CAMERE:<\/h1>\n<p>[\/et_pb_text][\/et_pb_column][\/et_pb_row][et_pb_row column_structure=&#8221;1_3,1_3,1_3&#8243; disabled_on=&#8221;off|off|off&#8221; _builder_version=&#8221;4.20.0&#8243; _module_preset=&#8221;default&#8221; custom_margin=&#8221;|auto|2px|auto||&#8221; custom_padding=&#8221;21px|||||&#8221; global_colors_info=&#8221;{}&#8221;][et_pb_column type=&#8221;1_3&#8243; _builder_version=&#8221;4.20.0&#8243; _module_preset=&#8221;default&#8221; global_colors_info=&#8221;{}&#8221;][et_pb_image src=&#8221;https:\/\/komlohotelgyula.hu\/wp-content\/uploads\/komlo-hotel-gyula-superior-szoba-8-1.jpg&#8221; alt=&#8221;Koml\u00f3 Hotel Gyula Superior szoba&#8221; title_text=&#8221;Koml\u00f3 Hotel Gyula Superior szoba&#8221; _builder_version=&#8221;4.20.2&#8243; _module_preset=&#8221;default&#8221; border_radii=&#8221;on|1em|1em|1em|1em&#8221; locked=&#8221;off&#8221; global_colors_info=&#8221;{}&#8221;][\/et_pb_image][et_pb_button button_url=&#8221;@ET-DC@eyJkeW5hbWljIjp0cnVlLCJjb250ZW50IjoicG9zdF9saW5rX3VybF9wb3N0Iiwic2V0dGluZ3MiOnsicG9zdF9pZCI6Ijg4Mzg5In19@&#8221; button_text=&#8221;Camere Superioare&#8221; button_alignment=&#8221;center&#8221; _builder_version=&#8221;4.21.2&#8243; _module_preset=&#8221;default&#8221; custom_button=&#8221;on&#8221; button_text_size=&#8221;27px&#8221; button_text_color=&#8221;#FFFFFF&#8221; button_bg_color=&#8221;RGBA(255,255,255,0)&#8221; button_border_width=&#8221;4px&#8221; button_border_color=&#8221;#FFFFFF&#8221; button_border_radius=&#8221;0px&#8221; button_use_icon=&#8221;off&#8221; hover_enabled=&#8221;0&#8243; global_colors_info=&#8221;{}&#8221; _dynamic_attributes=&#8221;button_url&#8221; sticky_enabled=&#8221;0&#8243;][\/et_pb_button][\/et_pb_column][et_pb_column type=&#8221;1_3&#8243; _builder_version=&#8221;4.20.0&#8243; _module_preset=&#8221;default&#8221; global_colors_info=&#8221;{}&#8221;][et_pb_image src=&#8221;https:\/\/komlohotelgyula.hu\/wp-content\/uploads\/komlo-hotel-gyula-deluxe-szoba-5.jpg&#8221; alt=&#8221;Koml\u00f3 Hotel Gyula Deluxe szoba&#8221; title_text=&#8221;Koml\u00f3 Hotel Gyula Deluxe szoba&#8221; _builder_version=&#8221;4.20.2&#8243; _module_preset=&#8221;default&#8221; border_radii=&#8221;on|1em|1em|1em|1em&#8221; locked=&#8221;off&#8221; global_colors_info=&#8221;{}&#8221;][\/et_pb_image][et_pb_button button_url=&#8221;@ET-DC@eyJkeW5hbWljIjp0cnVlLCJjb250ZW50IjoicG9zdF9saW5rX3VybF9wb3N0Iiwic2V0dGluZ3MiOnsicG9zdF9pZCI6Ijg4MzkxIn19@&#8221; button_text=&#8221;Camere Deluxe&#8221; button_alignment=&#8221;center&#8221; _builder_version=&#8221;4.21.2&#8243; _module_preset=&#8221;default&#8221; custom_button=&#8221;on&#8221; button_text_size=&#8221;27px&#8221; button_text_color=&#8221;#FFFFFF&#8221; button_bg_color=&#8221;RGBA(255,255,255,0)&#8221; button_border_width=&#8221;4px&#8221; button_border_color=&#8221;#FFFFFF&#8221; button_border_radius=&#8221;0px&#8221; button_use_icon=&#8221;off&#8221; hover_enabled=&#8221;0&#8243; global_colors_info=&#8221;{}&#8221; _dynamic_attributes=&#8221;button_url&#8221; sticky_enabled=&#8221;0&#8243;][\/et_pb_button][\/et_pb_column][et_pb_column type=&#8221;1_3&#8243; _builder_version=&#8221;4.20.2&#8243; _module_preset=&#8221;default&#8221; global_colors_info=&#8221;{}&#8221;][et_pb_image src=&#8221;https:\/\/komlohotelgyula.hu\/wp-content\/uploads\/komlo-hotel-gyula-superior-szoba-3.jpg&#8221; alt=&#8221;Koml\u00f3 Hotel Gyula Superior szoba&#8221; title_text=&#8221;Koml\u00f3 Hotel Gyula Superior szoba&#8221; _builder_version=&#8221;4.21.0&#8243; _module_preset=&#8221;default&#8221; border_radii=&#8221;on|1em|1em|1em|1em&#8221; locked=&#8221;off&#8221; global_colors_info=&#8221;{}&#8221;][\/et_pb_image][et_pb_button button_url=&#8221;@ET-DC@eyJkeW5hbWljIjp0cnVlLCJjb250ZW50IjoicG9zdF9saW5rX3VybF9wb3N0Iiwic2V0dGluZ3MiOnsicG9zdF9pZCI6Ijg4MzkyIn19@&#8221; button_text=&#8221;Apartament de familie&#8221; button_alignment=&#8221;center&#8221; _builder_version=&#8221;4.21.2&#8243; _module_preset=&#8221;default&#8221; custom_button=&#8221;on&#8221; button_text_size=&#8221;23px&#8221; button_text_color=&#8221;#FFFFFF&#8221; button_bg_color=&#8221;RGBA(255,255,255,0)&#8221; button_border_width=&#8221;4px&#8221; button_border_color=&#8221;#FFFFFF&#8221; button_border_radius=&#8221;0px&#8221; button_use_icon=&#8221;off&#8221; hover_enabled=&#8221;0&#8243; global_colors_info=&#8221;{}&#8221; _dynamic_attributes=&#8221;button_url&#8221; sticky_enabled=&#8221;0&#8243;][\/et_pb_button][\/et_pb_column][\/et_pb_row][\/et_pb_section][et_pb_section fb_built=&#8221;1&#8243; _builder_version=&#8221;4.20.2&#8243; _module_preset=&#8221;default&#8221; background_color=&#8221;#383838&#8243; custom_margin=&#8221;||||false|false&#8221; custom_padding=&#8221;||105px||false|false&#8221; top_divider_style=&#8221;wave2&#8243; top_divider_color=&#8221;#858585&#8243; top_divider_height=&#8221;12em&#8221; top_divider_repeat=&#8221;1x&#8221; global_colors_info=&#8221;{}&#8221;][et_pb_row column_structure=&#8221;1_2,1_2&#8243; use_custom_gutter=&#8221;on&#8221; gutter_width=&#8221;1&#8243; disabled_on=&#8221;off|off|off&#8221; _builder_version=&#8221;4.20.2&#8243; _module_preset=&#8221;default&#8221; background_color=&#8221;RGBA(255,255,255,0)&#8221; width_tablet=&#8221;&#8221; width_phone=&#8221;95%&#8221; width_last_edited=&#8221;on|phone&#8221; custom_margin=&#8221;-2px|auto||auto||&#8221; custom_padding=&#8221;0px|0px|0px|0px|false|false&#8221; custom_css_main_element=&#8221;display: flex;||align-items: center;&#8221; locked=&#8221;off&#8221; global_colors_info=&#8221;{}&#8221; custom_css_main_element_last_edited=&#8221;on|tablet&#8221; custom_css_main_element_tablet=&#8221;display: block;&#8221; custom_css_main_element_phone=&#8221;display: block;&#8221;][et_pb_column type=&#8221;1_2&#8243; _builder_version=&#8221;4.19.2&#8243; _module_preset=&#8221;default&#8221; background_enable_image=&#8221;off&#8221; global_colors_info=&#8221;{}&#8221;][et_pb_text _builder_version=&#8221;4.21.2&#8243; _module_preset=&#8221;default&#8221; text_text_color=&#8221;#B5A166&#8243; header_text_align=&#8221;center&#8221; header_text_color=&#8221;#B5A166&#8243; header_font_size=&#8221;2.5em&#8221; header_line_height=&#8221;1.2em&#8221; text_orientation=&#8221;center&#8221; custom_margin=&#8221;||-8px|||&#8221; custom_padding=&#8221;0px||7px||false|false&#8221; custom_padding_tablet=&#8221;0px||7px||false|false&#8221; custom_padding_phone=&#8221;7em||7px||false|false&#8221; custom_padding_last_edited=&#8221;on|tablet&#8221; animation_style=&#8221;flip&#8221; global_colors_info=&#8221;{}&#8221;]<\/p>\n<h1>VIZUALIZA\u021aI<\/h1>\n<p>[\/et_pb_text][et_pb_button button_url=&#8221;@ET-DC@eyJkeW5hbWljIjp0cnVlLCJjb250ZW50IjoicG9zdF9saW5rX3VybF9wYWdlIiwic2V0dGluZ3MiOnsicG9zdF9pZCI6IjExMzIyIn19@&#8221; button_text=&#8221;OFERTELE NOASTRE DE PACHET!&#8221; button_alignment=&#8221;center&#8221; _builder_version=&#8221;4.21.2&#8243; _dynamic_attributes=&#8221;button_url&#8221; _module_preset=&#8221;default&#8221; custom_button=&#8221;on&#8221; button_text_size=&#8221;25px&#8221; button_text_color=&#8221;#B5A166&#8243; custom_margin=&#8221;||16px|||&#8221; custom_padding=&#8221;0px|||||&#8221; button_text_size_tablet=&#8221;25px&#8221; button_text_size_phone=&#8221;1.5em&#8221; button_text_size_last_edited=&#8221;on|tablet&#8221; box_shadow_style=&#8221;preset2&#8243; global_colors_info=&#8221;{}&#8221;][\/et_pb_button][\/et_pb_column][et_pb_column type=&#8221;1_2&#8243; _builder_version=&#8221;4.20.2&#8243; _module_preset=&#8221;default&#8221; global_colors_info=&#8221;{}&#8221;][et_pb_image src=&#8221;https:\/\/komlohotelgyula.hu\/wp-content\/uploads\/komlo-hotel-wellness-es-feltoltodes.jpg&#8221; title_text=&#8221;Koml\u00f3 Hotel | Wellness \u00e9s felt\u00f6lt\u0151d\u00e9s&#8221; _builder_version=&#8221;4.20.2&#8243; _module_preset=&#8221;default&#8221; border_radii=&#8221;on|2em|2em|2em|2em&#8221; border_width_all=&#8221;4px&#8221; border_color_all=&#8221;#B5A166&#8243; global_colors_info=&#8221;{}&#8221;][\/et_pb_image][\/et_pb_column][\/et_pb_row][\/et_pb_section][et_pb_section fb_built=&#8221;1&#8243; disabled_on=&#8221;off|off|off&#8221; _builder_version=&#8221;4.20.2&#8243; _module_preset=&#8221;default&#8221; background_color=&#8221;#E02B27&#8243; use_background_color_gradient=&#8221;on&#8221; background_color_gradient_stops=&#8221;#b5a166 0%|rgba(22,122,47,0) 100%&#8221; background_color_gradient_overlays_image=&#8221;on&#8221; background_image=&#8221;https:\/\/komlohotelgyula.hu\/wp-content\/uploads\/komlo-gyula-szobak-1-scaled.jpg&#8221; background_position=&#8221;center_right&#8221; custom_margin=&#8221;||-30px||false|false&#8221; custom_padding=&#8221;||0px||false|false&#8221; top_divider_style=&#8221;curve2&#8243; top_divider_color=&#8221;#FFFFFF&#8221; top_divider_height=&#8221;40px&#8221; top_divider_repeat=&#8221;1x&#8221; top_divider_flip=&#8221;vertical&#8221; box_shadow_style=&#8221;preset1&#8243; box_shadow_vertical=&#8221;-12px&#8221; box_shadow_blur=&#8221;27px&#8221; box_shadow_spread=&#8221;11px&#8221; box_shadow_color=&#8221;#FFFFFF&#8221; saved_tabs=&#8221;all&#8221; global_colors_info=&#8221;{}&#8221;][et_pb_row _builder_version=&#8221;4.17.6&#8243; _module_preset=&#8221;default&#8221; global_colors_info=&#8221;{}&#8221;][et_pb_column type=&#8221;4_4&#8243; _builder_version=&#8221;4.17.6&#8243; _module_preset=&#8221;default&#8221; global_colors_info=&#8221;{}&#8221;][et_pb_cta title=&#8221;Rezerva\u021bi o camer\u0103 pe platforma noastr\u0103 web!&#8221; button_url=&#8221;\/ro\/cerere-ofert\/&#8221; button_text=&#8221;Calcularea pre\u021bului \u0219i rezervarea online&#8221; _builder_version=&#8221;4.21.2&#8243; _module_preset=&#8221;default&#8221; background_enable_color=&#8221;off&#8221; custom_button=&#8221;on&#8221; button_border_width=&#8221;10px&#8221; button_border_radius=&#8221;31px&#8221; button_font=&#8221;|||on|||||&#8221; button_icon=&#8221;&#xf236;||fa||900&#8243; header_text_shadow_style=&#8221;preset1&#8243; header_text_shadow_vertical_length=&#8221;0.16em&#8221; header_text_shadow_blur_strength=&#8221;0.28em&#8221; header_text_shadow_color=&#8221;#000000&#8243; box_shadow_style_button=&#8221;preset3&#8243; global_colors_info=&#8221;{}&#8221;][\/et_pb_cta][\/et_pb_column][\/et_pb_row][\/et_pb_section][et_pb_section fb_built=&#8221;1&#8243; _builder_version=&#8221;4.20.2&#8243; _module_preset=&#8221;default&#8221; custom_padding=&#8221;14px||0px|||&#8221; global_colors_info=&#8221;{}&#8221;][\/et_pb_section]<\/p>\n","protected":false},"excerpt":{"rendered":"<p>Camerele Standard asigur\u0103 oferta economic\u0103 a hotelului nostru. Sunt mobilate cu aten\u021bie \u0219i includ majoritatea facilit\u0103\u021bilor confortabile ale hotelului. Camerele Standard sunt recomandate at\u00e2t cuplurilor c\u00e2t \u0219i oaspe\u021bilor care c\u0103l\u0103toresc \u00een interes de afaceri. Camerele au vedere c\u0103tre bulevadrul B\u00e9ke \u0219i sunt orientate spre Vest. Fiecare camer\u0103 are o cabin\u0103 de du\u0219. Suprafa\u021ba medie a [&hellip;]<\/p>\n","protected":false},"author":10,"featured_media":0,"comment_status":"closed","ping_status":"closed","sticky":false,"template":"","format":"standard","meta":{"_et_pb_use_builder":"on","_et_pb_old_content":"","_et_gb_content_width":"","footnotes":""},"categories":[78],"tags":[],"class_list":["post-88388","post","type-post","status-publish","format-standard","hentry","category-uncategorized-ro"],"yoast_head":"<!-- This site is optimized with the Yoast SEO Premium plugin v27.5 (Yoast SEO v27.5) - https:\/\/yoast.com\/product\/yoast-seo-premium-wordpress\/ -->\n<title>Standard Szoba - Koml\u00f3 Hotel Gyula<\/title>\n<meta name=\"robots\" content=\"index, follow, max-snippet:-1, max-image-preview:large, max-video-preview:-1\" \/>\n<link rel=\"canonical\" href=\"https:\/\/komlohotelgyula.hu\/ro\/standard-szoba\/\" \/>\n<meta property=\"og:locale\" content=\"ro_RO\" \/>\n<meta property=\"og:type\" content=\"article\" \/>\n<meta property=\"og:title\" content=\"Standard Szoba\" \/>\n<meta property=\"og:description\" content=\"Camerele Standard asigur\u0103 oferta economic\u0103 a hotelului nostru. Sunt mobilate cu aten\u021bie \u0219i includ majoritatea facilit\u0103\u021bilor confortabile ale hotelului. Camerele Standard sunt recomandate at\u00e2t cuplurilor c\u00e2t \u0219i oaspe\u021bilor care c\u0103l\u0103toresc \u00een interes de afaceri. Camerele au vedere c\u0103tre bulevadrul B\u00e9ke \u0219i sunt orientate spre Vest. Fiecare camer\u0103 are o cabin\u0103 de du\u0219. Suprafa\u021ba medie a [&hellip;]\" \/>\n<meta property=\"og:url\" content=\"https:\/\/komlohotelgyula.hu\/ro\/standard-szoba\/\" \/>\n<meta property=\"og:site_name\" content=\"Koml\u00f3 Hotel Gyula\" \/>\n<meta property=\"article:publisher\" content=\"https:\/\/www.facebook.com\/KomloHotelGyula\/\" \/>\n<meta property=\"article:published_time\" content=\"2023-05-11T12:19:10+00:00\" \/>\n<meta property=\"article:modified_time\" content=\"2023-08-14T12:02:35+00:00\" \/>\n<meta name=\"author\" content=\"tapai.arpad\" \/>\n<meta name=\"twitter:card\" content=\"summary_large_image\" \/>\n<meta name=\"twitter:label1\" content=\"Scris de\" \/>\n\t<meta name=\"twitter:data1\" content=\"tapai.arpad\" \/>\n\t<meta name=\"twitter:label2\" content=\"Timp estimat pentru citire\" \/>\n\t<meta name=\"twitter:data2\" content=\"5 minute\" \/>\n<script type=\"application\/ld+json\" class=\"yoast-schema-graph\">{\"@context\":\"https:\\\/\\\/schema.org\",\"@graph\":[{\"@type\":\"Article\",\"@id\":\"https:\\\/\\\/komlohotelgyula.hu\\\/ro\\\/standard-szoba\\\/#article\",\"isPartOf\":{\"@id\":\"https:\\\/\\\/komlohotelgyula.hu\\\/ro\\\/standard-szoba\\\/\"},\"author\":{\"name\":\"tapai.arpad\",\"@id\":\"https:\\\/\\\/komlohotelgyula.hu\\\/#\\\/schema\\\/person\\\/449dcaf7f22014bf03992807f275f0b0\"},\"headline\":\"Standard Szoba\",\"datePublished\":\"2023-05-11T12:19:10+00:00\",\"dateModified\":\"2023-08-14T12:02:35+00:00\",\"mainEntityOfPage\":{\"@id\":\"https:\\\/\\\/komlohotelgyula.hu\\\/ro\\\/standard-szoba\\\/\"},\"wordCount\":2939,\"articleSection\":[\"Uncategorized @ro\"],\"inLanguage\":\"ro-RO\"},{\"@type\":\"WebPage\",\"@id\":\"https:\\\/\\\/komlohotelgyula.hu\\\/ro\\\/standard-szoba\\\/\",\"url\":\"https:\\\/\\\/komlohotelgyula.hu\\\/ro\\\/standard-szoba\\\/\",\"name\":\"Standard Szoba - Koml\u00f3 Hotel Gyula\",\"isPartOf\":{\"@id\":\"https:\\\/\\\/komlohotelgyula.hu\\\/#website\"},\"datePublished\":\"2023-05-11T12:19:10+00:00\",\"dateModified\":\"2023-08-14T12:02:35+00:00\",\"author\":{\"@id\":\"https:\\\/\\\/komlohotelgyula.hu\\\/#\\\/schema\\\/person\\\/449dcaf7f22014bf03992807f275f0b0\"},\"breadcrumb\":{\"@id\":\"https:\\\/\\\/komlohotelgyula.hu\\\/ro\\\/standard-szoba\\\/#breadcrumb\"},\"inLanguage\":\"ro-RO\",\"potentialAction\":[{\"@type\":\"ReadAction\",\"target\":[\"https:\\\/\\\/komlohotelgyula.hu\\\/ro\\\/standard-szoba\\\/\"]}]},{\"@type\":\"BreadcrumbList\",\"@id\":\"https:\\\/\\\/komlohotelgyula.hu\\\/ro\\\/standard-szoba\\\/#breadcrumb\",\"itemListElement\":[{\"@type\":\"ListItem\",\"position\":1,\"name\":\"Home\",\"item\":\"https:\\\/\\\/komlohotelgyula.hu\\\/ro\\\/\"},{\"@type\":\"ListItem\",\"position\":2,\"name\":\"Standard Szoba\"}]},{\"@type\":\"WebSite\",\"@id\":\"https:\\\/\\\/komlohotelgyula.hu\\\/#website\",\"url\":\"https:\\\/\\\/komlohotelgyula.hu\\\/\",\"name\":\"Koml\u00f3 Hotel Gyula\",\"description\":\"\",\"potentialAction\":[{\"@type\":\"SearchAction\",\"target\":{\"@type\":\"EntryPoint\",\"urlTemplate\":\"https:\\\/\\\/komlohotelgyula.hu\\\/?s={search_term_string}\"},\"query-input\":{\"@type\":\"PropertyValueSpecification\",\"valueRequired\":true,\"valueName\":\"search_term_string\"}}],\"inLanguage\":\"ro-RO\"},{\"@type\":\"Person\",\"@id\":\"https:\\\/\\\/komlohotelgyula.hu\\\/#\\\/schema\\\/person\\\/449dcaf7f22014bf03992807f275f0b0\",\"name\":\"tapai.arpad\",\"image\":{\"@type\":\"ImageObject\",\"inLanguage\":\"ro-RO\",\"@id\":\"https:\\\/\\\/secure.gravatar.com\\\/avatar\\\/8611a1f1f7699338bc2869b8a130ef6c93fc11a54b073dd4f508c66cde817894?s=96&d=mm&r=g\",\"url\":\"https:\\\/\\\/secure.gravatar.com\\\/avatar\\\/8611a1f1f7699338bc2869b8a130ef6c93fc11a54b073dd4f508c66cde817894?s=96&d=mm&r=g\",\"contentUrl\":\"https:\\\/\\\/secure.gravatar.com\\\/avatar\\\/8611a1f1f7699338bc2869b8a130ef6c93fc11a54b073dd4f508c66cde817894?s=96&d=mm&r=g\",\"caption\":\"tapai.arpad\"},\"sameAs\":[\"hegyi.tamas@jola.hu\"]}]}<\/script>\n<!-- \/ Yoast SEO Premium plugin. -->","yoast_head_json":{"title":"Standard Szoba - Koml\u00f3 Hotel Gyula","robots":{"index":"index","follow":"follow","max-snippet":"max-snippet:-1","max-image-preview":"max-image-preview:large","max-video-preview":"max-video-preview:-1"},"canonical":"https:\/\/komlohotelgyula.hu\/ro\/standard-szoba\/","og_locale":"ro_RO","og_type":"article","og_title":"Standard Szoba","og_description":"Camerele Standard asigur\u0103 oferta economic\u0103 a hotelului nostru. Sunt mobilate cu aten\u021bie \u0219i includ majoritatea facilit\u0103\u021bilor confortabile ale hotelului. Camerele Standard sunt recomandate at\u00e2t cuplurilor c\u00e2t \u0219i oaspe\u021bilor care c\u0103l\u0103toresc \u00een interes de afaceri. Camerele au vedere c\u0103tre bulevadrul B\u00e9ke \u0219i sunt orientate spre Vest. Fiecare camer\u0103 are o cabin\u0103 de du\u0219. Suprafa\u021ba medie a [&hellip;]","og_url":"https:\/\/komlohotelgyula.hu\/ro\/standard-szoba\/","og_site_name":"Koml\u00f3 Hotel Gyula","article_publisher":"https:\/\/www.facebook.com\/KomloHotelGyula\/","article_published_time":"2023-05-11T12:19:10+00:00","article_modified_time":"2023-08-14T12:02:35+00:00","author":"tapai.arpad","twitter_card":"summary_large_image","twitter_misc":{"Scris de":"tapai.arpad","Timp estimat pentru citire":"5 minute"},"schema":{"@context":"https:\/\/schema.org","@graph":[{"@type":"Article","@id":"https:\/\/komlohotelgyula.hu\/ro\/standard-szoba\/#article","isPartOf":{"@id":"https:\/\/komlohotelgyula.hu\/ro\/standard-szoba\/"},"author":{"name":"tapai.arpad","@id":"https:\/\/komlohotelgyula.hu\/#\/schema\/person\/449dcaf7f22014bf03992807f275f0b0"},"headline":"Standard Szoba","datePublished":"2023-05-11T12:19:10+00:00","dateModified":"2023-08-14T12:02:35+00:00","mainEntityOfPage":{"@id":"https:\/\/komlohotelgyula.hu\/ro\/standard-szoba\/"},"wordCount":2939,"articleSection":["Uncategorized @ro"],"inLanguage":"ro-RO"},{"@type":"WebPage","@id":"https:\/\/komlohotelgyula.hu\/ro\/standard-szoba\/","url":"https:\/\/komlohotelgyula.hu\/ro\/standard-szoba\/","name":"Standard Szoba - Koml\u00f3 Hotel Gyula","isPartOf":{"@id":"https:\/\/komlohotelgyula.hu\/#website"},"datePublished":"2023-05-11T12:19:10+00:00","dateModified":"2023-08-14T12:02:35+00:00","author":{"@id":"https:\/\/komlohotelgyula.hu\/#\/schema\/person\/449dcaf7f22014bf03992807f275f0b0"},"breadcrumb":{"@id":"https:\/\/komlohotelgyula.hu\/ro\/standard-szoba\/#breadcrumb"},"inLanguage":"ro-RO","potentialAction":[{"@type":"ReadAction","target":["https:\/\/komlohotelgyula.hu\/ro\/standard-szoba\/"]}]},{"@type":"BreadcrumbList","@id":"https:\/\/komlohotelgyula.hu\/ro\/standard-szoba\/#breadcrumb","itemListElement":[{"@type":"ListItem","position":1,"name":"Home","item":"https:\/\/komlohotelgyula.hu\/ro\/"},{"@type":"ListItem","position":2,"name":"Standard Szoba"}]},{"@type":"WebSite","@id":"https:\/\/komlohotelgyula.hu\/#website","url":"https:\/\/komlohotelgyula.hu\/","name":"Koml\u00f3 Hotel Gyula","description":"","potentialAction":[{"@type":"SearchAction","target":{"@type":"EntryPoint","urlTemplate":"https:\/\/komlohotelgyula.hu\/?s={search_term_string}"},"query-input":{"@type":"PropertyValueSpecification","valueRequired":true,"valueName":"search_term_string"}}],"inLanguage":"ro-RO"},{"@type":"Person","@id":"https:\/\/komlohotelgyula.hu\/#\/schema\/person\/449dcaf7f22014bf03992807f275f0b0","name":"tapai.arpad","image":{"@type":"ImageObject","inLanguage":"ro-RO","@id":"https:\/\/secure.gravatar.com\/avatar\/8611a1f1f7699338bc2869b8a130ef6c93fc11a54b073dd4f508c66cde817894?s=96&d=mm&r=g","url":"https:\/\/secure.gravatar.com\/avatar\/8611a1f1f7699338bc2869b8a130ef6c93fc11a54b073dd4f508c66cde817894?s=96&d=mm&r=g","contentUrl":"https:\/\/secure.gravatar.com\/avatar\/8611a1f1f7699338bc2869b8a130ef6c93fc11a54b073dd4f508c66cde817894?s=96&d=mm&r=g","caption":"tapai.arpad"},"sameAs":["hegyi.tamas@jola.hu"]}]}},"_links":{"self":[{"href":"https:\/\/komlohotelgyula.hu\/ro\/wp-json\/wp\/v2\/posts\/88388","targetHints":{"allow":["GET"]}}],"collection":[{"href":"https:\/\/komlohotelgyula.hu\/ro\/wp-json\/wp\/v2\/posts"}],"about":[{"href":"https:\/\/komlohotelgyula.hu\/ro\/wp-json\/wp\/v2\/types\/post"}],"author":[{"embeddable":true,"href":"https:\/\/komlohotelgyula.hu\/ro\/wp-json\/wp\/v2\/users\/10"}],"replies":[{"embeddable":true,"href":"https:\/\/komlohotelgyula.hu\/ro\/wp-json\/wp\/v2\/comments?post=88388"}],"version-history":[{"count":0,"href":"https:\/\/komlohotelgyula.hu\/ro\/wp-json\/wp\/v2\/posts\/88388\/revisions"}],"wp:attachment":[{"href":"https:\/\/komlohotelgyula.hu\/ro\/wp-json\/wp\/v2\/media?parent=88388"}],"wp:term":[{"taxonomy":"category","embeddable":true,"href":"https:\/\/komlohotelgyula.hu\/ro\/wp-json\/wp\/v2\/categories?post=88388"},{"taxonomy":"post_tag","embeddable":true,"href":"https:\/\/komlohotelgyula.hu\/ro\/wp-json\/wp\/v2\/tags?post=88388"}],"curies":[{"name":"wp","href":"https:\/\/api.w.org\/{rel}","templated":true}]}}